{"id":1079,"date":"2020-07-11T19:22:25","date_gmt":"2020-07-11T19:22:25","guid":{"rendered":"https:\/\/sonngard.de\/?p=1079"},"modified":"2026-01-21T10:47:33","modified_gmt":"2026-01-21T10:47:33","slug":"offenes-atelier-galerie-78-2-2-2-2-2","status":"publish","type":"post","link":"https:\/\/sonngard.de\/?p=1079","title":{"rendered":"SONNE IM HERZEN"},"content":{"rendered":"<p>Zum aktuellen weltweiten Zeitgeschehen\u00a0 und dar\u00fcber hinaus, liegt es mir am Herzen Menschlichkeit, W\u00fcrde, Eigenverantwortung, Achtung, Wertsch\u00e4tzung, Transparenz der demokratischen Werte auf Augenh\u00f6he, in Frieden und Freiheit zu leben, in den Mittelpunkt zu stellen und Demut und Dankbarkeit vor der Sch\u00f6pfung des Lebens zum Ausdruck zu bringen. F\u00fcr ein w\u00fcrdevolles Leben und Sterben. Wir sind mit allem verbunden.<\/p>\n<p>Plakate und Karten liegen an \u00f6ffentlichen Stellen, wie Kirchen, Museen und Ausstellungen aus.<\/p>\n<p>Bei Interesse k\u00f6nnen Sie sich gerne an mich wenden. Die Karten werden auch an zuk\u00fcnftigen Ausstellungnen ausgelegt.<\/p>\n<p>Bilden Sie sich Ihre Meinung* \u00a0 \u00a0 \u00a0 \u00a0 \u00a0 \u00a0 \u00a0 \u00a0 \u00a0 \u00a0 \u00a0 \u00a0 \u00a0 \u00a0 \u00a0 Hierzu einige Informationen: Mediziner u. Wissenschaftler f\u00fcr Gesundheit, Freiheit u. Demokratie e.V.\u00a0<span style=\"color: #ffd500;\"><span style=\"color: #ffc800;\">www.mwgfd.de<\/span> <\/span>&#8211; \u00c4rzte f\u00fcr Aufkl\u00e4rung\u00a0<span style=\"color: #ffc800;\">www.\u00e4rzte-f\u00fcr-aufkl\u00e4rung.de <\/span>&#8211; u.a.\u00a0<span style=\"color: #ffc800;\"><span style=\"color: #000000;\">Univ. -Prof. Dr. med. Sucharit Bhakdi Facharzt f\u00fcr Mikrobiologie u. Infektionsepidemiologie. Leitete das Institut f\u00fcr Med.Mikrobiologie u. Hygiene der Johannes Gutenberg &#8211; Univ. Mainz 22 Jahre. Neben zahlreichen Preisen wurde ihm der Verdienstorden Rheinland Pfalz <\/span><\/span><span style=\"color: #ffc800;\"><span style=\"color: #000000;\">verliehen. <\/span><\/span><\/p>\n<p><span style=\"color: #ffc800;\"><span style=\"color: #000000;\">Unabh\u00e4ngiger Journalismus: <\/span><\/span><span style=\"color: #ffc800;\"><span style=\"color: #000000;\"><span style=\"color: #ffcc00;\">www.nachdenkseiten.de <span style=\"color: #000000;\">Initiator und Herausgeber: Albrecht M\u00fcller \/ Diplom Volkswirt, Publizist, Autor, leitete Willy Brandts Wahlkampf 1972 und die Planungsabteilung unter den Kanzlern Willy Brandt und Helmut Schmidt. <\/span><br \/><\/span><\/span><\/span><\/p>\n<p><span style=\"color: #ffc800;\"><span style=\"color: #000000;\"> \u00a0 \u00a0 \u00a0 <\/span><\/span><\/p>\n<p><span style=\"color: #ffc800;\"><span style=\"color: #000000;\">\u00a0 \u00a0 \u00a0 \u00a0 \u00a0 \u00a0 \u00a0 \u00a0 \u00a0 \u00a0 \u00a0 \u00a0 \u00a0 \u00a0 \u00a0 \u00a0 \u00a0 \u00a0 \u00a0 \u00a0 \u00a0 \u00a0 \u00a0 \u00a0 \u00a0 \u00a0 \u00a0 \u00a0 \u00a0 \u00a0 \u00a0 \u00a0 \u00a0\u00a0<\/span><\/span><\/p>\n\n\n<p><\/p>\n","protected":false},"excerpt":{"rendered":"<p>Zum aktuellen weltweiten Zeitgeschehen\u00a0 und dar\u00fcber hinaus, liegt es mir am Herzen Menschlichkeit, W\u00fcrde, Eigenverantwortung, Achtung, Wertsch\u00e4tzung, Transparenz der demokratischen Werte auf Augenh\u00f6he, in Frieden und Freiheit zu leben, in den Mittelpunkt zu stellen und Demut und Dankbarkeit vor der &hellip; <a class=\"kt-excerpt-readmore\" href=\"https:\/\/sonngard.de\/?p=1079\" aria-label=\"SONNE IM HERZEN\">Read More<\/a><\/p>\n","protected":false},"author":1,"featured_media":1063,"comment_status":"open","ping_status":"open","sticky":false,"template":"","format":"standard","meta":{"footnotes":""},"categories":[25,26],"tags":[13],"class_list":["post-1079","post","type-post","status-publish","format-standard","has-post-thumbnail","hentry","category-ausstellung","category-malerei","tag-gallery"],"_links":{"self":[{"href":"https:\/\/sonngard.de\/index.php?rest_route=\/wp\/v2\/posts\/1079","targetHints":{"allow":["GET"]}}],"collection":[{"href":"https:\/\/sonngard.de\/index.php?rest_route=\/wp\/v2\/posts"}],"about":[{"href":"https:\/\/sonngard.de\/index.php?rest_route=\/wp\/v2\/types\/post"}],"author":[{"embeddable":true,"href":"https:\/\/sonngard.de\/index.php?rest_route=\/wp\/v2\/users\/1"}],"replies":[{"embeddable":true,"href":"https:\/\/sonngard.de\/index.php?rest_route=%2Fwp%2Fv2%2Fcomments&post=1079"}],"version-history":[{"count":24,"href":"https:\/\/sonngard.de\/index.php?rest_route=\/wp\/v2\/posts\/1079\/revisions"}],"predecessor-version":[{"id":1202,"href":"https:\/\/sonngard.de\/index.php?rest_route=\/wp\/v2\/posts\/1079\/revisions\/1202"}],"wp:featuredmedia":[{"embeddable":true,"href":"https:\/\/sonngard.de\/index.php?rest_route=\/wp\/v2\/media\/1063"}],"wp:attachment":[{"href":"https:\/\/sonngard.de\/index.php?rest_route=%2Fwp%2Fv2%2Fmedia&parent=1079"}],"wp:term":[{"taxonomy":"category","embeddable":true,"href":"https:\/\/sonngard.de\/index.php?rest_route=%2Fwp%2Fv2%2Fcategories&post=1079"},{"taxonomy":"post_tag","embeddable":true,"href":"https:\/\/sonngard.de\/index.php?rest_route=%2Fwp%2Fv2%2Ftags&post=1079"}],"curies":[{"name":"wp","href":"https:\/\/api.w.org\/{rel}","templated":true}]}}